{"id":699,"date":"2024-08-19T19:29:27","date_gmt":"2024-08-19T22:29:27","guid":{"rendered":"https:\/\/grupos.uepb.edu.br\/gprpem\/?p=699"},"modified":"2024-08-19T19:42:49","modified_gmt":"2024-08-19T22:42:49","slug":"xv-ciaem-conferencia-interamericana-de-educacao-matematica","status":"publish","type":"post","link":"https:\/\/grupos.uepb.edu.br\/gprpem\/2024\/08\/19\/xv-ciaem-conferencia-interamericana-de-educacao-matematica\/","title":{"rendered":"XV CIAEM &#8211; Confer\u00eancia Interamericana de Educa\u00e7\u00e3o Matem\u00e1tica"},"content":{"rendered":"<p><img loading=\"lazy\" decoding=\"async\" class=\"alignnone wp-image-700 size-full img-responsive\" src=\"https:\/\/grupos.uepb.edu.br\/gprpem\/wp-content\/uploads\/sites\/3\/2024\/08\/XV-CIAEM.jpg\" alt=\"\" width=\"800\" height=\"600\" srcset=\"https:\/\/grupos.uepb.edu.br\/gprpem\/wp-content\/uploads\/sites\/3\/2024\/08\/XV-CIAEM.jpg 800w, https:\/\/grupos.uepb.edu.br\/gprpem\/wp-content\/uploads\/sites\/3\/2024\/08\/XV-CIAEM-300x225.jpg 300w\" sizes=\"auto, (max-width: 800px) 100vw, 800px\" \/>Pesquisa desenvolvida na UEPB ganha destaque na 15\u00aa Confer\u00eancia Interamericana de Educa\u00e7\u00e3o Matem\u00e1tica. A estudante Beatriz Rodrigues de Almeida e o discente Marcos Antonio Petrucci de Assis, membros do GPRPEM, representaram a UEPB sob a orienta\u00e7\u00e3o do professor Roger Huanca. O evento ocorreu entre os dias 5 e 10 de maio de 2019, na cidade de Medell\u00edn, Col\u00f4mbia.<\/p>\n","protected":false},"excerpt":{"rendered":"<p>Pesquisa desenvolvida na UEPB ganha destaque na 15\u00aa Confer\u00eancia Interamericana de Educa\u00e7\u00e3o Matem\u00e1tica. A estudante Beatriz Rodrigues de Almeida e o discente Marcos Antonio Petrucci de Assis, membros do GPRPEM, representaram a UEPB sob a orienta\u00e7\u00e3o do professor Roger Huanca. O evento ocorreu entre os dias 5 e 10 de maio de 2019, na cidade <a class=\"leiamais\" href=\"https:\/\/grupos.uepb.edu.br\/gprpem\/2024\/08\/19\/xv-ciaem-conferencia-interamericana-de-educacao-matematica\/\">Leia Mais&#8230;<\/a><\/p>\n","protected":false},"author":1,"featured_media":700,"comment_status":"open","ping_status":"open","sticky":false,"template":"","format":"standard","meta":{"footnotes":""},"categories":[5],"tags":[],"class_list":["post-699","post","type-post","status-publish","format-standard","has-post-thumbnail","hentry","category-noticias"],"_links":{"self":[{"href":"https:\/\/grupos.uepb.edu.br\/gprpem\/wp-json\/wp\/v2\/posts\/699","targetHints":{"allow":["GET"]}}],"collection":[{"href":"https:\/\/grupos.uepb.edu.br\/gprpem\/wp-json\/wp\/v2\/posts"}],"about":[{"href":"https:\/\/grupos.uepb.edu.br\/gprpem\/wp-json\/wp\/v2\/types\/post"}],"author":[{"embeddable":true,"href":"https:\/\/grupos.uepb.edu.br\/gprpem\/wp-json\/wp\/v2\/users\/1"}],"replies":[{"embeddable":true,"href":"https:\/\/grupos.uepb.edu.br\/gprpem\/wp-json\/wp\/v2\/comments?post=699"}],"version-history":[{"count":2,"href":"https:\/\/grupos.uepb.edu.br\/gprpem\/wp-json\/wp\/v2\/posts\/699\/revisions"}],"predecessor-version":[{"id":717,"href":"https:\/\/grupos.uepb.edu.br\/gprpem\/wp-json\/wp\/v2\/posts\/699\/revisions\/717"}],"wp:featuredmedia":[{"embeddable":true,"href":"https:\/\/grupos.uepb.edu.br\/gprpem\/wp-json\/wp\/v2\/media\/700"}],"wp:attachment":[{"href":"https:\/\/grupos.uepb.edu.br\/gprpem\/wp-json\/wp\/v2\/media?parent=699"}],"wp:term":[{"taxonomy":"category","embeddable":true,"href":"https:\/\/grupos.uepb.edu.br\/gprpem\/wp-json\/wp\/v2\/categories?post=699"},{"taxonomy":"post_tag","embeddable":true,"href":"https:\/\/grupos.uepb.edu.br\/gprpem\/wp-json\/wp\/v2\/tags?post=699"}],"curies":[{"name":"wp","href":"https:\/\/api.w.org\/{rel}","templated":true}]}}