{"id":489,"date":"2019-06-04T15:27:03","date_gmt":"2019-06-04T18:27:03","guid":{"rendered":"https:\/\/grupos.uepb.edu.br\/gprpem\/?p=489"},"modified":"2019-06-11T15:35:45","modified_gmt":"2019-06-11T18:35:45","slug":"pesquisa-desenvolvida-na-uepb-ganha-destaque-em-conferencia-interamericana-de-educacao-matematica","status":"publish","type":"post","link":"https:\/\/grupos.uepb.edu.br\/gprpem\/2019\/06\/04\/pesquisa-desenvolvida-na-uepb-ganha-destaque-em-conferencia-interamericana-de-educacao-matematica\/","title":{"rendered":"Pesquisa desenvolvida na UEPB ganha destaque em Confer\u00eancia Interamericana de Educa\u00e7\u00e3o Matem\u00e1tica"},"content":{"rendered":"\n<p>A estudante Beatriz Rodrigues de Almeida, membro do GPRPEM, sob a orienta\u00e7\u00e3o do professor Roger Huanca, representou a UEPB na 15\u00aa Confer\u00eancia Interamericana de Educa\u00e7\u00e3o Matem\u00e1tica, realizada entre 5 e 10 de maio, na cidade de Medell\u00edn, na Col\u00f4mbia.  <br>Clique <a rel=\"noreferrer noopener\" aria-label=\" (abre numa nova aba)\" href=\"http:\/\/www.uepb.edu.br\/pesquisa-desenvolvida-na-uepb-ganha-destaque-em-conferencia-interamericana-de-educacao-matematica\/\" target=\"_blank\">AQUI<\/a> para mais informa\u00e7\u00f5es. <\/p>\n\n\n\n<figure class=\"wp-block-image\"><img loading=\"lazy\" decoding=\"async\" width=\"1024\" height=\"768\" src=\"https:\/\/grupos.uepb.edu.br\/gprpem\/wp-content\/uploads\/sites\/3\/2019\/06\/Confer\u00eancia-Interamericana-de-Matem\u00e1tica-1024x768.jpg\" alt=\"\" class=\"wp-image-490 img-responsive\" srcset=\"https:\/\/grupos.uepb.edu.br\/gprpem\/wp-content\/uploads\/sites\/3\/2019\/06\/Confer\u00eancia-Interamericana-de-Matem\u00e1tica-1024x768.jpg 1024w, https:\/\/grupos.uepb.edu.br\/gprpem\/wp-content\/uploads\/sites\/3\/2019\/06\/Confer\u00eancia-Interamericana-de-Matem\u00e1tica-200x150.jpg 200w, https:\/\/grupos.uepb.edu.br\/gprpem\/wp-content\/uploads\/sites\/3\/2019\/06\/Confer\u00eancia-Interamericana-de-Matem\u00e1tica-300x225.jpg 300w, https:\/\/grupos.uepb.edu.br\/gprpem\/wp-content\/uploads\/sites\/3\/2019\/06\/Confer\u00eancia-Interamericana-de-Matem\u00e1tica-768x576.jpg 768w, https:\/\/grupos.uepb.edu.br\/gprpem\/wp-content\/uploads\/sites\/3\/2019\/06\/Confer\u00eancia-Interamericana-de-Matem\u00e1tica-370x278.jpg 370w, https:\/\/grupos.uepb.edu.br\/gprpem\/wp-content\/uploads\/sites\/3\/2019\/06\/Confer\u00eancia-Interamericana-de-Matem\u00e1tica-840x630.jpg 840w\" sizes=\"auto, (max-width: 1024px) 100vw, 1024px\" \/><\/figure>\n","protected":false},"excerpt":{"rendered":"<p>A estudante Beatriz Rodrigues de Almeida, membro do GPRPEM, sob a orienta\u00e7\u00e3o do professor Roger Huanca, representou a UEPB na 15\u00aa Confer\u00eancia Interamericana de Educa\u00e7\u00e3o Matem\u00e1tica, realizada entre 5 e 10 de maio, na cidade de Medell\u00edn, na Col\u00f4mbia. Clique AQUI para mais informa\u00e7\u00f5es.<\/p>\n","protected":false},"author":1,"featured_media":0,"comment_status":"open","ping_status":"open","sticky":false,"template":"","format":"standard","meta":{"footnotes":""},"categories":[5],"tags":[],"class_list":["post-489","post","type-post","status-publish","format-standard","hentry","category-noticias"],"_links":{"self":[{"href":"https:\/\/grupos.uepb.edu.br\/gprpem\/wp-json\/wp\/v2\/posts\/489","targetHints":{"allow":["GET"]}}],"collection":[{"href":"https:\/\/grupos.uepb.edu.br\/gprpem\/wp-json\/wp\/v2\/posts"}],"about":[{"href":"https:\/\/grupos.uepb.edu.br\/gprpem\/wp-json\/wp\/v2\/types\/post"}],"author":[{"embeddable":true,"href":"https:\/\/grupos.uepb.edu.br\/gprpem\/wp-json\/wp\/v2\/users\/1"}],"replies":[{"embeddable":true,"href":"https:\/\/grupos.uepb.edu.br\/gprpem\/wp-json\/wp\/v2\/comments?post=489"}],"version-history":[{"count":2,"href":"https:\/\/grupos.uepb.edu.br\/gprpem\/wp-json\/wp\/v2\/posts\/489\/revisions"}],"predecessor-version":[{"id":542,"href":"https:\/\/grupos.uepb.edu.br\/gprpem\/wp-json\/wp\/v2\/posts\/489\/revisions\/542"}],"wp:attachment":[{"href":"https:\/\/grupos.uepb.edu.br\/gprpem\/wp-json\/wp\/v2\/media?parent=489"}],"wp:term":[{"taxonomy":"category","embeddable":true,"href":"https:\/\/grupos.uepb.edu.br\/gprpem\/wp-json\/wp\/v2\/categories?post=489"},{"taxonomy":"post_tag","embeddable":true,"href":"https:\/\/grupos.uepb.edu.br\/gprpem\/wp-json\/wp\/v2\/tags?post=489"}],"curies":[{"name":"wp","href":"https:\/\/api.w.org\/{rel}","templated":true}]}}