{"id":474,"date":"2019-04-09T15:05:16","date_gmt":"2019-04-09T18:05:16","guid":{"rendered":"https:\/\/grupos.uepb.edu.br\/gprpem\/?p=474"},"modified":"2019-04-09T15:06:46","modified_gmt":"2019-04-09T18:06:46","slug":"1o-encontro-de-ensino-e-pesquisa-em-educacao-matematica","status":"publish","type":"post","link":"https:\/\/grupos.uepb.edu.br\/gprpem\/2019\/04\/09\/1o-encontro-de-ensino-e-pesquisa-em-educacao-matematica\/","title":{"rendered":"1\u00ba Encontro de Ensino e Pesquisa em Educa\u00e7\u00e3o Matem\u00e1tica"},"content":{"rendered":"\n<p>O Grupo de Pesquisa em Resolu\u00e7\u00e3o de Problemas e Educa\u00e7\u00e3o Matem\u00e1tica (GPRPEM) juntamente com o Centro de Ci\u00eancias Humanas e Exatas da UEPB, realizar\u00e1 nos dias 26 e 27 de abril, o 1\u00ba Encontro de Ensino e Pesquisa em Educa\u00e7\u00e3o Matem\u00e1tica (EEPEM), evento que busca desenvolver reflex\u00f5es e conhecimentos sobre o ensino da Matem\u00e1tica e a pesquisa de Gradua\u00e7\u00e3o e P\u00f3s-gradua\u00e7\u00e3o em Educa\u00e7\u00e3o Matem\u00e1tica, bem como promover intera\u00e7\u00f5es de profissionais da Educa\u00e7\u00e3o interessados na melhoria do ensino nas escolas p\u00fablicas. Outras informa\u00e7\u00f5es podem ser obtidas pelo site\u00a0<br><a rel=\"noreferrer noopener\" href=\"https:\/\/sites.google.com\/view\/eepem-uepb\" target=\"_blank\">https:\/\/sites.google.com\/view\/eepem-uepb<\/a>\u00a0ou pelo e-mail\u00a0<a href=\"mailto:eepem.uepb@gmail.com\">eepem.uepb@gmail.com<\/a>.<\/p>\n\n\n\n<figure class=\"wp-block-image\"><img loading=\"lazy\" decoding=\"async\" width=\"724\" height=\"1024\" src=\"https:\/\/grupos.uepb.edu.br\/gprpem\/wp-content\/uploads\/sites\/3\/2019\/04\/EEPEM-CARTAZ-724x1024.jpeg\" alt=\"\" class=\"wp-image-476 img-responsive\" srcset=\"https:\/\/grupos.uepb.edu.br\/gprpem\/wp-content\/uploads\/sites\/3\/2019\/04\/EEPEM-CARTAZ-724x1024.jpeg 724w, https:\/\/grupos.uepb.edu.br\/gprpem\/wp-content\/uploads\/sites\/3\/2019\/04\/EEPEM-CARTAZ-212x300.jpeg 212w, https:\/\/grupos.uepb.edu.br\/gprpem\/wp-content\/uploads\/sites\/3\/2019\/04\/EEPEM-CARTAZ-768x1086.jpeg 768w, https:\/\/grupos.uepb.edu.br\/gprpem\/wp-content\/uploads\/sites\/3\/2019\/04\/EEPEM-CARTAZ-370x523.jpeg 370w, https:\/\/grupos.uepb.edu.br\/gprpem\/wp-content\/uploads\/sites\/3\/2019\/04\/EEPEM-CARTAZ-840x1188.jpeg 840w, https:\/\/grupos.uepb.edu.br\/gprpem\/wp-content\/uploads\/sites\/3\/2019\/04\/EEPEM-CARTAZ.jpeg 905w\" sizes=\"auto, (max-width: 724px) 100vw, 724px\" \/><\/figure>\n","protected":false},"excerpt":{"rendered":"<p>O Grupo de Pesquisa em Resolu\u00e7\u00e3o de Problemas e Educa\u00e7\u00e3o Matem\u00e1tica (GPRPEM) juntamente com o Centro de Ci\u00eancias Humanas e Exatas da UEPB, realizar\u00e1 nos dias 26 e 27 de abril, o 1\u00ba Encontro de Ensino e Pesquisa em Educa\u00e7\u00e3o Matem\u00e1tica (EEPEM), evento que busca desenvolver reflex\u00f5es e conhecimentos sobre o ensino da Matem\u00e1tica e <a class=\"leiamais\" href=\"https:\/\/grupos.uepb.edu.br\/gprpem\/2019\/04\/09\/1o-encontro-de-ensino-e-pesquisa-em-educacao-matematica\/\">Leia Mais&#8230;<\/a><\/p>\n","protected":false},"author":1,"featured_media":0,"comment_status":"open","ping_status":"open","sticky":false,"template":"","format":"standard","meta":{"footnotes":""},"categories":[5],"tags":[],"class_list":["post-474","post","type-post","status-publish","format-standard","hentry","category-noticias"],"_links":{"self":[{"href":"https:\/\/grupos.uepb.edu.br\/gprpem\/wp-json\/wp\/v2\/posts\/474","targetHints":{"allow":["GET"]}}],"collection":[{"href":"https:\/\/grupos.uepb.edu.br\/gprpem\/wp-json\/wp\/v2\/posts"}],"about":[{"href":"https:\/\/grupos.uepb.edu.br\/gprpem\/wp-json\/wp\/v2\/types\/post"}],"author":[{"embeddable":true,"href":"https:\/\/grupos.uepb.edu.br\/gprpem\/wp-json\/wp\/v2\/users\/1"}],"replies":[{"embeddable":true,"href":"https:\/\/grupos.uepb.edu.br\/gprpem\/wp-json\/wp\/v2\/comments?post=474"}],"version-history":[{"count":2,"href":"https:\/\/grupos.uepb.edu.br\/gprpem\/wp-json\/wp\/v2\/posts\/474\/revisions"}],"predecessor-version":[{"id":477,"href":"https:\/\/grupos.uepb.edu.br\/gprpem\/wp-json\/wp\/v2\/posts\/474\/revisions\/477"}],"wp:attachment":[{"href":"https:\/\/grupos.uepb.edu.br\/gprpem\/wp-json\/wp\/v2\/media?parent=474"}],"wp:term":[{"taxonomy":"category","embeddable":true,"href":"https:\/\/grupos.uepb.edu.br\/gprpem\/wp-json\/wp\/v2\/categories?post=474"},{"taxonomy":"post_tag","embeddable":true,"href":"https:\/\/grupos.uepb.edu.br\/gprpem\/wp-json\/wp\/v2\/tags?post=474"}],"curies":[{"name":"wp","href":"https:\/\/api.w.org\/{rel}","templated":true}]}}