{"id":444,"date":"2018-05-18T15:08:24","date_gmt":"2018-05-18T18:08:24","guid":{"rendered":"https:\/\/grupos.uepb.edu.br\/gprpem\/?p=444"},"modified":"2018-05-18T15:08:24","modified_gmt":"2018-05-18T18:08:24","slug":"reflexoes-sobre-a-formacao-inicial-de-professores-em-dialogo-com-profissionais-da-escola-publica","status":"publish","type":"post","link":"https:\/\/grupos.uepb.edu.br\/gprpem\/2018\/05\/18\/reflexoes-sobre-a-formacao-inicial-de-professores-em-dialogo-com-profissionais-da-escola-publica\/","title":{"rendered":"Reflex\u00f5es sobre a forma\u00e7\u00e3o inicial de professores em di\u00e1logo com profissionais da escola p\u00fablica"},"content":{"rendered":"<p>O Grupo de Pesquisa em Resolu\u00e7\u00e3o de Problemas e Educa\u00e7\u00e3o Matem\u00e1tica (GPRPEM), juntamente com o Centro de Ci\u00eancias Humanas e Exatas da UEPB, realizar\u00e1 no dia 28 de maio de 2018, \u00e0s 19h, no audit\u00f3rio do CCHE,\u00a0 uma palestra intitulada &#8220;<em>Reflex\u00f5es sobre a forma\u00e7\u00e3o inicial de professores em di\u00e1logo com profissionais da escola p\u00fablica<\/em>&#8220;, ministrada pelo Professor Dr. Luciano Feliciano de Lima.<\/p>\n<p>Local de Inscri\u00e7\u00e3o: Secretaria do CCHE.<\/p>\n","protected":false},"excerpt":{"rendered":"<p>O Grupo de Pesquisa em Resolu\u00e7\u00e3o de Problemas e Educa\u00e7\u00e3o Matem\u00e1tica (GPRPEM), juntamente com o Centro de Ci\u00eancias Humanas e Exatas da UEPB, realizar\u00e1 no dia 28 de maio de 2018, \u00e0s 19h, no audit\u00f3rio do CCHE,\u00a0 uma palestra intitulada &#8220;Reflex\u00f5es sobre a forma\u00e7\u00e3o inicial de professores em di\u00e1logo com profissionais da escola p\u00fablica&#8220;, ministrada <a class=\"leiamais\" href=\"https:\/\/grupos.uepb.edu.br\/gprpem\/2018\/05\/18\/reflexoes-sobre-a-formacao-inicial-de-professores-em-dialogo-com-profissionais-da-escola-publica\/\">Leia Mais&#8230;<\/a><\/p>\n","protected":false},"author":4,"featured_media":445,"comment_status":"open","ping_status":"open","sticky":false,"template":"","format":"standard","meta":{"footnotes":""},"categories":[5],"tags":[],"class_list":["post-444","post","type-post","status-publish","format-standard","has-post-thumbnail","hentry","category-noticias"],"_links":{"self":[{"href":"https:\/\/grupos.uepb.edu.br\/gprpem\/wp-json\/wp\/v2\/posts\/444","targetHints":{"allow":["GET"]}}],"collection":[{"href":"https:\/\/grupos.uepb.edu.br\/gprpem\/wp-json\/wp\/v2\/posts"}],"about":[{"href":"https:\/\/grupos.uepb.edu.br\/gprpem\/wp-json\/wp\/v2\/types\/post"}],"author":[{"embeddable":true,"href":"https:\/\/grupos.uepb.edu.br\/gprpem\/wp-json\/wp\/v2\/users\/4"}],"replies":[{"embeddable":true,"href":"https:\/\/grupos.uepb.edu.br\/gprpem\/wp-json\/wp\/v2\/comments?post=444"}],"version-history":[{"count":1,"href":"https:\/\/grupos.uepb.edu.br\/gprpem\/wp-json\/wp\/v2\/posts\/444\/revisions"}],"predecessor-version":[{"id":446,"href":"https:\/\/grupos.uepb.edu.br\/gprpem\/wp-json\/wp\/v2\/posts\/444\/revisions\/446"}],"wp:featuredmedia":[{"embeddable":true,"href":"https:\/\/grupos.uepb.edu.br\/gprpem\/wp-json\/wp\/v2\/media\/445"}],"wp:attachment":[{"href":"https:\/\/grupos.uepb.edu.br\/gprpem\/wp-json\/wp\/v2\/media?parent=444"}],"wp:term":[{"taxonomy":"category","embeddable":true,"href":"https:\/\/grupos.uepb.edu.br\/gprpem\/wp-json\/wp\/v2\/categories?post=444"},{"taxonomy":"post_tag","embeddable":true,"href":"https:\/\/grupos.uepb.edu.br\/gprpem\/wp-json\/wp\/v2\/tags?post=444"}],"curies":[{"name":"wp","href":"https:\/\/api.w.org\/{rel}","templated":true}]}}